{"id":348,"date":"2014-06-23T21:35:57","date_gmt":"2014-06-23T19:35:57","guid":{"rendered":"http:\/\/www.kjf-vogelsbergkreis.de\/?p=348"},"modified":"2014-06-23T21:51:12","modified_gmt":"2014-06-23T19:51:12","slug":"jugendflamme-stufe-1-bei-der-stadtjugendfeuerwehr-schotten","status":"publish","type":"post","link":"https:\/\/kjf-vogelsbergkreis.de\/?p=348","title":{"rendered":"Abnahme der Jugendflamme Stufe 1"},"content":{"rendered":"<p>Bei dem diesj\u00e4hrigen Zeltlager der Jugendfeuerwehren der Gro\u00dfgemeinde Schotten wurde nicht nur der Stadtmeister ermittelt, sondern es wurde auch die Abnahme des Leistungsabzeichen \u201eJugendflamme 1\u201c angeboten.<a href=\"https:\/\/kjf-vogelsbergkreis.de\/wp-content\/uploads\/2014\/06\/IMG_3940.jpg\"><img loading=\"lazy\" decoding=\"async\" class=\"alignnone size-large wp-image-349\" src=\"https:\/\/kjf-vogelsbergkreis.de\/wp-content\/uploads\/2014\/06\/IMG_3940-1024x682.jpg\" alt=\"IMG_3940\" width=\"620\" height=\"412\" srcset=\"https:\/\/kjf-vogelsbergkreis.de\/wp-content\/uploads\/2014\/06\/IMG_3940-1024x682.jpg 1024w, https:\/\/kjf-vogelsbergkreis.de\/wp-content\/uploads\/2014\/06\/IMG_3940-300x200.jpg 300w, https:\/\/kjf-vogelsbergkreis.de\/wp-content\/uploads\/2014\/06\/IMG_3940.jpg 1620w\" sizes=\"(max-width: 620px) 100vw, 620px\" \/><\/a><\/p>\n<p><!--more-->85 Jugendliche wurden in Gruppen aufgeteilt und haben ihr Wissen und K\u00f6nnen auf verschiedenen Stationen unter Beweis gestellt. Die Bergwacht Schotten hatte die Station \u201eErste Hilfe\u201c angeboten. Hier musste man z.B. Schnittverletzungen versorgen. In einem Fragebogen mussten auch verschiedene Fragen beantwortet werden. Die Jungen und M\u00e4dchen hatten sehr viel Spa\u00df an den Stationen und haben ihre St\u00e4rken und Schw\u00e4chen erkannt. Die Abnahme wurde durch den stellvertretende Kreisjugendfeuerwehrwart und Fachbereichsleiter Jugendflamme Christopher Schindler und Schottens Stadtjugendfeuerwehrwart Thomas Kromm mit Unterst\u00fctzung der Jugendwarte durchgef\u00fchrt. Alle 85 Teilnehmer haben die Urkunde und das Abzeichen erhalten. Christopher Schindler bedankte sich bei allen \u00fcber den reibungslosen Ablauf sowie die gro\u00dfe Teilnehmeranzahl. Vielleicht k\u00f6nnte das auch ein Ansporn f\u00fcr andere Gemeinden des Vogelsbergkreises sein dieses Abzeichen anzubieten.<\/p>\n<p>Bericht und Bild: StJFW Schotten<\/p>\n","protected":false},"excerpt":{"rendered":"<p>Bei dem diesj\u00e4hrigen Zeltlager der Jugendfeuerwehren der Gro\u00dfgemeinde Schotten wurde nicht nur der Stadtmeister ermittelt, sondern es wurde auch die Abnahme des Leistungsabzeichen \u201eJugendflamme 1\u201c angeboten.<\/p>\n","protected":false},"author":1,"featured_media":0,"comment_status":"closed","ping_status":"closed","sticky":false,"template":"","format":"standard","meta":{"footnotes":""},"categories":[1,16,11],"tags":[],"_links":{"self":[{"href":"https:\/\/kjf-vogelsbergkreis.de\/index.php?rest_route=\/wp\/v2\/posts\/348"}],"collection":[{"href":"https:\/\/kjf-vogelsbergkreis.de\/index.php?rest_route=\/wp\/v2\/posts"}],"about":[{"href":"https:\/\/kjf-vogelsbergkreis.de\/index.php?rest_route=\/wp\/v2\/types\/post"}],"author":[{"embeddable":true,"href":"https:\/\/kjf-vogelsbergkreis.de\/index.php?rest_route=\/wp\/v2\/users\/1"}],"replies":[{"embeddable":true,"href":"https:\/\/kjf-vogelsbergkreis.de\/index.php?rest_route=%2Fwp%2Fv2%2Fcomments&post=348"}],"version-history":[{"count":3,"href":"https:\/\/kjf-vogelsbergkreis.de\/index.php?rest_route=\/wp\/v2\/posts\/348\/revisions"}],"predecessor-version":[{"id":358,"href":"https:\/\/kjf-vogelsbergkreis.de\/index.php?rest_route=\/wp\/v2\/posts\/348\/revisions\/358"}],"wp:attachment":[{"href":"https:\/\/kjf-vogelsbergkreis.de\/index.php?rest_route=%2Fwp%2Fv2%2Fmedia&parent=348"}],"wp:term":[{"taxonomy":"category","embeddable":true,"href":"https:\/\/kjf-vogelsbergkreis.de\/index.php?rest_route=%2Fwp%2Fv2%2Fcategories&post=348"},{"taxonomy":"post_tag","embeddable":true,"href":"https:\/\/kjf-vogelsbergkreis.de\/index.php?rest_route=%2Fwp%2Fv2%2Ftags&post=348"}],"curies":[{"name":"wp","href":"https:\/\/api.w.org\/{rel}","templated":true}]}}