{"id":1276,"date":"2021-06-01T20:15:53","date_gmt":"2021-06-01T18:15:53","guid":{"rendered":"http:\/\/www.kjf-vogelsbergkreis.de\/?p=1276"},"modified":"2021-06-01T20:15:53","modified_gmt":"2021-06-01T18:15:53","slug":"wettbewerbe-2021","status":"publish","type":"post","link":"https:\/\/kjf-vogelsbergkreis.de\/?p=1276","title":{"rendered":"Wettbewerbe 2021"},"content":{"rendered":"\n<div class=\"wp-block-columns are-vertically-aligned-center is-layout-flex wp-container-core-columns-is-layout-1 wp-block-columns-is-layout-flex\">\n<div class=\"wp-block-column is-layout-flow wp-block-column-is-layout-flow\">\n<div class=\"wp-block-image\"><figure class=\"aligncenter size-large is-resized\"><a href=\"https:\/\/kjf-vogelsbergkreis.de\/wp-content\/uploads\/2021\/06\/Wiederaufnahme-Social-media-Story2-1.jpg\"><img loading=\"lazy\" decoding=\"async\" src=\"https:\/\/kjf-vogelsbergkreis.de\/wp-content\/uploads\/2021\/06\/Wiederaufnahme-Social-media-Story2-1-576x1024.jpg\" alt=\"\" class=\"wp-image-1280\" width=\"221\" height=\"393\" srcset=\"https:\/\/kjf-vogelsbergkreis.de\/wp-content\/uploads\/2021\/06\/Wiederaufnahme-Social-media-Story2-1-576x1024.jpg 576w, https:\/\/kjf-vogelsbergkreis.de\/wp-content\/uploads\/2021\/06\/Wiederaufnahme-Social-media-Story2-1-169x300.jpg 169w, https:\/\/kjf-vogelsbergkreis.de\/wp-content\/uploads\/2021\/06\/Wiederaufnahme-Social-media-Story2-1-768x1365.jpg 768w, https:\/\/kjf-vogelsbergkreis.de\/wp-content\/uploads\/2021\/06\/Wiederaufnahme-Social-media-Story2-1-864x1536.jpg 864w, https:\/\/kjf-vogelsbergkreis.de\/wp-content\/uploads\/2021\/06\/Wiederaufnahme-Social-media-Story2-1-624x1109.jpg 624w, https:\/\/kjf-vogelsbergkreis.de\/wp-content\/uploads\/2021\/06\/Wiederaufnahme-Social-media-Story2-1.jpg 1080w\" sizes=\"(max-width: 221px) 100vw, 221px\" \/><\/a><\/figure><\/div>\n<\/div>\n\n\n\n<div class=\"wp-block-column is-layout-flow wp-block-column-is-layout-flow\">\n<p>Hallo liebe Jugendfeuerwehren!<br><br>Aktuell erwachen die Jugendfeuerwehren im Vogelsbergkreis so langsam aus ihrer Corona-Pause und d\u00fcrfen endlich auch wieder gemeinsam \u00dcben. &#8211; Also so von Angesicht zu Angesicht und nicht nur digital. &#8211; In vielen Gemeinden werden gerade Kozepte erstellt und erweitert, die einen sicheren Umgang miteinander regeln sollen. Wichtig ist wieder, dass ihr das &#8222;Go&#8220; eurer Gemeinde habt. Also fragt am Besten bei eurem Stadt-und Gemeindejugendfeuerwehrwart*innen nach, wie es lokal bei euch aussieht. Da seid ihr sicher mit Informationen gut versorgt.<\/p>\n<\/div>\n<\/div>\n\n\n\n<p>Um euch Planungssicherheit zu geben, wie es um die Wettbewerbe im Vogelsbergkreis in der Saison 2021 steht, hat sich die KJF am 30.05.2021 mit den Fachbereichsleitern*innen und den Stadt- und Gemeindejugendfeuerwehrwart*innen des Vogelsbergkreises getroffen und relativ schnell und einstimmig folgenden beschlossen:<\/p>\n\n\n\n<p><strong>Es finden in der Saison 2021 keine kreiseigenen Wettbewerbe statt. Das betrifft den Kreispokal, den Kreisentscheid und leider auch die Leistungsspange, die in 2021 h\u00e4tte stattfinden sollen.<\/strong><\/p>\n\n\n\n<p>Neben den terminlichen Gr\u00fcnden (so viel Zeit bleibt dann doch nicht mehr um einen Mannschaft auf die Beine zustellen) und den m\u00f6glichen Folgen durch Corona-Beschr\u00e4nkungen soll euch vor allem so die M\u00f6glichkeit gegeben werden, den Neustart ohne terminliche Verpflichtungen anzugehen. Wir hoffen, dass wir so in 2022 dann wieder viele, motivierte Jugendfeuerwehren am Start haben. <\/p>\n\n\n\n<p>Sch\u00f6ne Gr\u00fc\u00dfe und viel Spa\u00df in euren Jugendfeuerwehren!<\/p>\n","protected":false},"excerpt":{"rendered":"<p>Hallo liebe Jugendfeuerwehren! Aktuell erwachen die Jugendfeuerwehren im Vogelsbergkreis so langsam aus ihrer Corona-Pause und d\u00fcrfen endlich auch wieder gemeinsam \u00dcben. &#8211; Also so von Angesicht zu Angesicht und nicht nur digital. &#8211; In vielen Gemeinden werden gerade Kozepte erstellt und erweitert, die einen sicheren Umgang miteinander regeln sollen. Wichtig ist wieder, dass ihr das [&hellip;]<\/p>\n","protected":false},"author":6,"featured_media":0,"comment_status":"closed","ping_status":"closed","sticky":false,"template":"","format":"standard","meta":{"footnotes":""},"categories":[1],"tags":[],"_links":{"self":[{"href":"https:\/\/kjf-vogelsbergkreis.de\/index.php?rest_route=\/wp\/v2\/posts\/1276"}],"collection":[{"href":"https:\/\/kjf-vogelsbergkreis.de\/index.php?rest_route=\/wp\/v2\/posts"}],"about":[{"href":"https:\/\/kjf-vogelsbergkreis.de\/index.php?rest_route=\/wp\/v2\/types\/post"}],"author":[{"embeddable":true,"href":"https:\/\/kjf-vogelsbergkreis.de\/index.php?rest_route=\/wp\/v2\/users\/6"}],"replies":[{"embeddable":true,"href":"https:\/\/kjf-vogelsbergkreis.de\/index.php?rest_route=%2Fwp%2Fv2%2Fcomments&post=1276"}],"version-history":[{"count":5,"href":"https:\/\/kjf-vogelsbergkreis.de\/index.php?rest_route=\/wp\/v2\/posts\/1276\/revisions"}],"predecessor-version":[{"id":1283,"href":"https:\/\/kjf-vogelsbergkreis.de\/index.php?rest_route=\/wp\/v2\/posts\/1276\/revisions\/1283"}],"wp:attachment":[{"href":"https:\/\/kjf-vogelsbergkreis.de\/index.php?rest_route=%2Fwp%2Fv2%2Fmedia&parent=1276"}],"wp:term":[{"taxonomy":"category","embeddable":true,"href":"https:\/\/kjf-vogelsbergkreis.de\/index.php?rest_route=%2Fwp%2Fv2%2Fcategories&post=1276"},{"taxonomy":"post_tag","embeddable":true,"href":"https:\/\/kjf-vogelsbergkreis.de\/index.php?rest_route=%2Fwp%2Fv2%2Ftags&post=1276"}],"curies":[{"name":"wp","href":"https:\/\/api.w.org\/{rel}","templated":true}]}}