{"id":1247,"date":"2020-03-13T16:12:08","date_gmt":"2020-03-13T14:12:08","guid":{"rendered":"http:\/\/www.kjf-vogelsbergkreis.de\/?p=1247"},"modified":"2020-08-18T21:56:50","modified_gmt":"2020-08-18T19:56:50","slug":"corona-und-die-jugendfeuerwehr","status":"publish","type":"post","link":"https:\/\/kjf-vogelsbergkreis.de\/?p=1247","title":{"rendered":"Corona und die Jugendfeuerwehr"},"content":{"rendered":"\n<p>Liebe Jugendfeuerwehren!<\/p>\n\n\n\n<p>Das Coronavirus besch\u00e4ftigt uns alle zur Zeit sehr und vor den Feuerwehren und Jugendfeuerwehren macht es nat\u00fcrlich auch nicht halt. Um die Ausbreitung zu verlangsamen hat auch die Kreisjugendfeuerwehr entschieden, einige Ma\u00dfnahmen zu treffen und Empfehlungen an die Jugendfeuerwehren auszusprechen:<\/p>\n\n\n\n<ol><li>In Absprache mit dem Kreisbrandinspektor empfehlen wir ab sofort den Kinder- und Jugendfeuerwehrbetrieb bis auf Weiteres einzustellen. Laut HJF soll soll der \u00dcbungsbetrieb bis mindestens Anfang Juni ruhen. Unserer Meinung macht derzeit ein Beginn vor den Sommerferien keinen Sinn.<\/li><li>Im Besonderen empfehlen wir auf die Durchf\u00fchrung von Zeltlagern zu verzichten.<\/li><li>Unsere Fr\u00fchjahrestagung (urspr\u00fcnglicher Termin am 22. M\u00e4rz) entf\u00e4llt.<\/li><li>Der Delegiertentag (urspr\u00fcnglicher Termin am 23. Mai) wird ebenfalls abgesagt.<\/li><li>Die KJF wird ab sofort bis auf weiteres keine Veranstaltungen mehr besuchen. Bereits eingegangene Einladungen werden abgesagt.<\/li><li>Die Wettbewerbssaison muss seitens der KJF leider ersatzlos gestrichen werden. Das hei\u00dft u. a.: es finden 2020 weder Kreispokal noch Kreisentscheid statt. Der Osthessencup wird 2021 im Vogelsbergkreis stattfinden. Auf Stadt- und Gemeindeebene empfehlen wir (nach 1.) ebenfalls auf Wettbewerbe zu verzichten.<\/li><\/ol>\n\n\n\n<p>Die HJF h\u00e4lt sich die Durchf\u00fchrung des Landesentscheides noch offen. Au\u00dferdem soll der Nachtermin der Leistungsspange nach aktuellem Stand planm\u00e4\u00dfig durchgef\u00fchrt werden.<\/p>\n\n\n\n<p>Wir bewerten die Lage regelm\u00e4\u00dfig neu und informieren euch \u00fcber \u00c4nderungen. Bitte bedenkt auch, dass die Anordnungen eurer St\u00e4dte- und Gemeinde weiterhin g\u00fcltig sind.<\/p>\n\n\n\n<p>Vielen Dank f\u00fcr euer Verst\u00e4ndnis. Wir hoffen ihr macht das Beste aus der Kinder- und Jugendfeuerwehr-freien Zeit und bleibt vor allem Gesund.<\/p>\n\n\n\n<p>Stand: 18.08.2020<\/p>\n\n\n\n<p>p.s.: Was macht ihr denn so in der jugendfeuerwehrfreien Zeit? Teil doch mal eure Ideen auf unserer <a href=\"https:\/\/de-de.facebook.com\/KJFVB\/\" target=\"_blank\" rel=\"noreferrer noopener\">Facebook-Seite<\/a>.<\/p>\n","protected":false},"excerpt":{"rendered":"<p>Liebe Jugendfeuerwehren! Das Coronavirus besch\u00e4ftigt uns alle zur Zeit sehr und vor den Feuerwehren und Jugendfeuerwehren macht es nat\u00fcrlich auch nicht halt. Um die Ausbreitung zu verlangsamen hat auch die Kreisjugendfeuerwehr entschieden, einige Ma\u00dfnahmen zu treffen und Empfehlungen an die Jugendfeuerwehren auszusprechen: In Absprache mit dem Kreisbrandinspektor empfehlen wir ab sofort den Kinder- und Jugendfeuerwehrbetrieb [&hellip;]<\/p>\n","protected":false},"author":6,"featured_media":0,"comment_status":"closed","ping_status":"closed","sticky":false,"template":"","format":"standard","meta":{"footnotes":""},"categories":[1,20,11],"tags":[],"_links":{"self":[{"href":"https:\/\/kjf-vogelsbergkreis.de\/index.php?rest_route=\/wp\/v2\/posts\/1247"}],"collection":[{"href":"https:\/\/kjf-vogelsbergkreis.de\/index.php?rest_route=\/wp\/v2\/posts"}],"about":[{"href":"https:\/\/kjf-vogelsbergkreis.de\/index.php?rest_route=\/wp\/v2\/types\/post"}],"author":[{"embeddable":true,"href":"https:\/\/kjf-vogelsbergkreis.de\/index.php?rest_route=\/wp\/v2\/users\/6"}],"replies":[{"embeddable":true,"href":"https:\/\/kjf-vogelsbergkreis.de\/index.php?rest_route=%2Fwp%2Fv2%2Fcomments&post=1247"}],"version-history":[{"count":6,"href":"https:\/\/kjf-vogelsbergkreis.de\/index.php?rest_route=\/wp\/v2\/posts\/1247\/revisions"}],"predecessor-version":[{"id":1261,"href":"https:\/\/kjf-vogelsbergkreis.de\/index.php?rest_route=\/wp\/v2\/posts\/1247\/revisions\/1261"}],"wp:attachment":[{"href":"https:\/\/kjf-vogelsbergkreis.de\/index.php?rest_route=%2Fwp%2Fv2%2Fmedia&parent=1247"}],"wp:term":[{"taxonomy":"category","embeddable":true,"href":"https:\/\/kjf-vogelsbergkreis.de\/index.php?rest_route=%2Fwp%2Fv2%2Fcategories&post=1247"},{"taxonomy":"post_tag","embeddable":true,"href":"https:\/\/kjf-vogelsbergkreis.de\/index.php?rest_route=%2Fwp%2Fv2%2Ftags&post=1247"}],"curies":[{"name":"wp","href":"https:\/\/api.w.org\/{rel}","templated":true}]}}