{"id":1218,"date":"2019-10-03T14:46:26","date_gmt":"2019-10-03T12:46:26","guid":{"rendered":"http:\/\/www.kjf-vogelsbergkreis.de\/?p=1218"},"modified":"2019-10-03T14:46:52","modified_gmt":"2019-10-03T12:46:52","slug":"15-jugendfeuerwehrkinder-aus-muecke-legten-die-pruefungen-zur-jugendflamme-ab","status":"publish","type":"post","link":"https:\/\/kjf-vogelsbergkreis.de\/?p=1218","title":{"rendered":"15 Jugendfeuerwehrkinder aus M\u00fccke legten die Pr\u00fcfungen zur Jugendflamme ab"},"content":{"rendered":"\n<p> M\u00fccke-Ober-Ohmen (sf)  Sie ist die erste praktische  Pr\u00fcfung, die ein Jugendfeuerwehrmitglied in der Jugendfeuerwehr ablegen  kann. In der Pr\u00fcfung weisen die Jugendlichen grundlegende Kenntnisse im  Umgang mit Feuerwehrger\u00e4t sowie in Erster Hilfe nach. Ablegen kann man  die Pr\u00fcfung, sobald man in die Jugendfeuerwehr eingetreten ist, also ab  10 Jahren. Die Abnahme erfolgte am Samstagvormittag\u00a0 am St\u00fctzpunkt der  Gemeinde M\u00fccke. 5 Jugendliche konnten davon sogar schon die Jugendflamme  II ablegen. <\/p>\n\n\n\n<figure class=\"wp-block-image\"><img loading=\"lazy\" decoding=\"async\" width=\"1024\" height=\"530\" src=\"https:\/\/kjf-vogelsbergkreis.de\/wp-content\/uploads\/2019\/10\/M\u00dc-Jugendflamme-1-1024x530.jpg\" alt=\"\" class=\"wp-image-1219\" srcset=\"https:\/\/kjf-vogelsbergkreis.de\/wp-content\/uploads\/2019\/10\/M\u00dc-Jugendflamme-1-1024x530.jpg 1024w, https:\/\/kjf-vogelsbergkreis.de\/wp-content\/uploads\/2019\/10\/M\u00dc-Jugendflamme-1-300x155.jpg 300w, https:\/\/kjf-vogelsbergkreis.de\/wp-content\/uploads\/2019\/10\/M\u00dc-Jugendflamme-1-768x398.jpg 768w, https:\/\/kjf-vogelsbergkreis.de\/wp-content\/uploads\/2019\/10\/M\u00dc-Jugendflamme-1-624x323.jpg 624w\" sizes=\"(max-width: 1024px) 100vw, 1024px\" \/><\/figure>\n\n\n\n<p>Gemeinde-Jugendfeuerwehrwartin Michaela Wie\u00dfner hatte alle  H\u00e4nde voll zu tun. Aber ihr waren noch einige Feuerwehrmitglieder  zugeteilt, denn schlie\u00dflich gab es 15  Teilnehmerinnen und Teilnehmer zu pr\u00fcfen. Um die erste Stufe erfolgreich  zu meistern, m\u00fcssen die Jugendlichen folgende T\u00e4tigkeiten absolvieren:\u00a0  Erl\u00e4utern des Notrufes und Absetzen eines fiktiven Notrufes an Hand  eines Fallbeispiels,\u00a0\u00a0\u00a0\u00a0 Anfertigen von 3 Feuerwehrknoten, Durchf\u00fchrung  von 3 feuerwehrtechnischen Aufgaben aus dem sportlich kulturellem,  musikalischem, kreativ oder sozial \u00f6kologischem Bereich. In den  zur\u00fcckliegenden Wochen wurden die jungen Floriansj\u00fcnger aus M\u00fccke von  ihrem Jugendbetreuern mit viel Eifer und Einsatz auf diese Pr\u00fcfung hin  vorbereitet. Sie wollten doch, dass ihre Sch\u00fctzlinge die Pr\u00fcfung mit  \u201eBestanden\u201c ablegen.\u00a0 Bei der Jugendflamme II z\u00e4hlten ein aufgebauter  L\u00f6schangriff sowie eine Verkehrsabsicherung zu dem Aufgabengebiet. Des  Weiteren musste ein Fragebogen ausgef\u00fcllt werden. Es war schon sehr  anspruchsvoll. <\/p>\n\n\n\n<figure class=\"wp-block-image\"><img loading=\"lazy\" decoding=\"async\" width=\"1024\" height=\"524\" src=\"https:\/\/kjf-vogelsbergkreis.de\/wp-content\/uploads\/2019\/10\/M\u00dc-Jugendflamme-2-1024x524.jpg\" alt=\"\" class=\"wp-image-1220\" srcset=\"https:\/\/kjf-vogelsbergkreis.de\/wp-content\/uploads\/2019\/10\/M\u00dc-Jugendflamme-2-1024x524.jpg 1024w, https:\/\/kjf-vogelsbergkreis.de\/wp-content\/uploads\/2019\/10\/M\u00dc-Jugendflamme-2-300x153.jpg 300w, https:\/\/kjf-vogelsbergkreis.de\/wp-content\/uploads\/2019\/10\/M\u00dc-Jugendflamme-2-768x393.jpg 768w, https:\/\/kjf-vogelsbergkreis.de\/wp-content\/uploads\/2019\/10\/M\u00dc-Jugendflamme-2-624x319.jpg 624w\" sizes=\"(max-width: 1024px) 100vw, 1024px\" \/><\/figure>\n\n\n\n<p>Aber am Ende das Fazit\u201c Alle haben bestanden\u201c. Dabei  waren Fachwissen, Teamarbeit, Geschicklichkeit, Improvisation und  Schnelligkeit gefragt. Als Abnahmeberechtigter vom Kreis  gratulierte der stellvertretende Kreisjugendwart \u201aFrank Wingefeld, der  auch gleichzeitig\u00a0 Fachbereichsleiter der Jugendflamme ist,\u00a0 den  Floriansj\u00fcnger aus M\u00fccke. GBI Martin Schlosser und seine Stellvertreter  Marco Kn\u00f6\u00df und Bernd Wi\u00dfner hatte sich auch f\u00fcr den Feuerwehrnachwuchs  interessiert und man war ganz Stolz auf die Anzahl der 15 Pr\u00fcflingen.  Ein Dankesch\u00f6n an die vielen  Betreuer, sagte B\u00fcrgermeister Andreas Sommer, denn sie h\u00e4tten ja die  Nachwuchskr\u00e4fte der Feuerwehr bis dato geschult und unterwiesen.\u00a0 \u201eWir  brauchen Nachwuchs in der Feuerwehr\u201c, so Sommer und erw\u00fcnschte den  Jugendlichen noch viel Spa\u00df. Michaela Wie\u00dfner als Gemeinde  Jugendfeuerwehrwartin dankte der Feuerwehr Nieder-Ohmen f\u00fcr das  Ausrichten und die Bewirtung. Sie dankte auch ihren Helferinnen und  Helfern f\u00fcr die tatkr\u00e4ftige Unterst\u00fctzung. Die Pr\u00fcflinge geh\u00f6ren der Jugendfeuerwehren aus Atzenhain, Nieder-Ohmen, Ober-Ohmen und Ruppertenrod an. <\/p>\n","protected":false},"excerpt":{"rendered":"<p>M\u00fccke-Ober-Ohmen (sf) Sie ist die erste praktische Pr\u00fcfung, die ein Jugendfeuerwehrmitglied in der Jugendfeuerwehr ablegen kann. In der Pr\u00fcfung weisen die Jugendlichen grundlegende Kenntnisse im Umgang mit Feuerwehrger\u00e4t sowie in Erster Hilfe nach. Ablegen kann man die Pr\u00fcfung, sobald man in die Jugendfeuerwehr eingetreten ist, also ab 10 Jahren. Die Abnahme erfolgte am Samstagvormittag\u00a0 am [&hellip;]<\/p>\n","protected":false},"author":6,"featured_media":0,"comment_status":"closed","ping_status":"closed","sticky":false,"template":"","format":"standard","meta":{"footnotes":""},"categories":[1,16,20],"tags":[],"_links":{"self":[{"href":"https:\/\/kjf-vogelsbergkreis.de\/index.php?rest_route=\/wp\/v2\/posts\/1218"}],"collection":[{"href":"https:\/\/kjf-vogelsbergkreis.de\/index.php?rest_route=\/wp\/v2\/posts"}],"about":[{"href":"https:\/\/kjf-vogelsbergkreis.de\/index.php?rest_route=\/wp\/v2\/types\/post"}],"author":[{"embeddable":true,"href":"https:\/\/kjf-vogelsbergkreis.de\/index.php?rest_route=\/wp\/v2\/users\/6"}],"replies":[{"embeddable":true,"href":"https:\/\/kjf-vogelsbergkreis.de\/index.php?rest_route=%2Fwp%2Fv2%2Fcomments&post=1218"}],"version-history":[{"count":2,"href":"https:\/\/kjf-vogelsbergkreis.de\/index.php?rest_route=\/wp\/v2\/posts\/1218\/revisions"}],"predecessor-version":[{"id":1222,"href":"https:\/\/kjf-vogelsbergkreis.de\/index.php?rest_route=\/wp\/v2\/posts\/1218\/revisions\/1222"}],"wp:attachment":[{"href":"https:\/\/kjf-vogelsbergkreis.de\/index.php?rest_route=%2Fwp%2Fv2%2Fmedia&parent=1218"}],"wp:term":[{"taxonomy":"category","embeddable":true,"href":"https:\/\/kjf-vogelsbergkreis.de\/index.php?rest_route=%2Fwp%2Fv2%2Fcategories&post=1218"},{"taxonomy":"post_tag","embeddable":true,"href":"https:\/\/kjf-vogelsbergkreis.de\/index.php?rest_route=%2Fwp%2Fv2%2Ftags&post=1218"}],"curies":[{"name":"wp","href":"https:\/\/api.w.org\/{rel}","templated":true}]}}